{"id":204,"date":"2018-04-26T15:01:12","date_gmt":"2018-04-26T15:01:12","guid":{"rendered":"https:\/\/pymesuruguay.com\/?p=204"},"modified":"2018-04-26T15:07:54","modified_gmt":"2018-04-26T15:07:54","slug":"declaracion-jurada-irpf-2017","status":"publish","type":"post","link":"https:\/\/pymesuruguay.com\/?p=204","title":{"rendered":"Declaraci\u00f3n Jurada IRPF 2017"},"content":{"rendered":"<p>[et_pb_section admin_label=\u00bbsection\u00bb][et_pb_row admin_label=\u00bbrow\u00bb make_fullwidth=\u00bboff\u00bb use_custom_width=\u00bboff\u00bb width_unit=\u00bbon\u00bb use_custom_gutter=\u00bboff\u00bb padding_mobile=\u00bboff\u00bb allow_player_pause=\u00bboff\u00bb parallax=\u00bboff\u00bb parallax_method=\u00bboff\u00bb make_equal=\u00bboff\u00bb parallax_1=\u00bboff\u00bb parallax_method_1=\u00bboff\u00bb column_padding_mobile=\u00bbon\u00bb][et_pb_column type=\u00bb4_4&#8243;][et_pb_text admin_label=\u00bbTexto\u00bb background_layout=\u00bblight\u00bb text_orientation=\u00bbleft\u00bb use_border_color=\u00bboff\u00bb border_color=\u00bb#ffffff\u00bb border_style=\u00bbsolid\u00bb]<\/p>\n<p>Desde el mes de junio comienzan los vencimientos para la presentaci\u00f3n de la declaraci\u00f3n jurada IRPF para el ejercicio 2017.<\/p>\n<p>La presentaci\u00f3n de la declaraci\u00f3n jurada se realizar\u00e1 de acuerdo con el siguiente cuadro, por el \u00faltimo d\u00edgito de<br \/>\nRUC, C.I. o N.I.E. seg\u00fan corresponda<\/p>\n<p><img decoding=\"async\" loading=\"lazy\" class=\"alignnone size-medium wp-image-207\" src=\"https:\/\/pymesuruguay.com\/wp-content\/uploads\/2018\/04\/vtodjirpf2018-300x226.png\" alt=\"\" width=\"300\" height=\"226\" srcset=\"https:\/\/pymesuruguay.com\/wp-content\/uploads\/2018\/04\/vtodjirpf2018-300x226.png 300w, https:\/\/pymesuruguay.com\/wp-content\/uploads\/2018\/04\/vtodjirpf2018-768x580.png 768w, https:\/\/pymesuruguay.com\/wp-content\/uploads\/2018\/04\/vtodjirpf2018-510x382.png 510w, https:\/\/pymesuruguay.com\/wp-content\/uploads\/2018\/04\/vtodjirpf2018.png 815w\" sizes=\"(max-width: 300px) 100vw, 300px\" \/><\/p>\n<p>Los contribuyentes del IRPF y del IASS, podr\u00e1n efectuar el pago del saldo del ejercicio<br \/>\ncorrespondiente al 31 de diciembre de 2017 en 5 cuotas iguales de acuerdo al<br \/>\nsiguiente cuadro de vencimientos:<\/p>\n<p><img decoding=\"async\" loading=\"lazy\" class=\"alignnone size-medium wp-image-208\" src=\"https:\/\/pymesuruguay.com\/wp-content\/uploads\/2018\/04\/pagosirpf2018-300x89.png\" alt=\"\" width=\"300\" height=\"89\" srcset=\"https:\/\/pymesuruguay.com\/wp-content\/uploads\/2018\/04\/pagosirpf2018-300x89.png 300w, https:\/\/pymesuruguay.com\/wp-content\/uploads\/2018\/04\/pagosirpf2018-768x229.png 768w, https:\/\/pymesuruguay.com\/wp-content\/uploads\/2018\/04\/pagosirpf2018.png 850w\" sizes=\"(max-width: 300px) 100vw, 300px\" \/><\/p>\n<p><strong>Nuestra empresa brinda servicios de asesoramiento, confecci\u00f3n de la declaraci\u00f3n jurada y presentaci\u00f3n de la misma, a trabajadores dependientes e independientes.<\/strong><\/p>\n<p>Por consultas env\u00edenos un mail a <a href=\"mailto:gestoria@pymesuruguay.com\">gestoria@pymesuruguay.com<\/a><\/p>\n<p>[\/et_pb_text][\/et_pb_column][\/et_pb_row][\/et_pb_section]<\/p>\n","protected":false},"excerpt":{"rendered":"<p>[et_pb_section admin_label=\u00bbsection\u00bb][et_pb_row admin_label=\u00bbrow\u00bb make_fullwidth=\u00bboff\u00bb use_custom_width=\u00bboff\u00bb width_unit=\u00bbon\u00bb use_custom_gutter=\u00bboff\u00bb padding_mobile=\u00bboff\u00bb allow_player_pause=\u00bboff\u00bb parallax=\u00bboff\u00bb parallax_method=\u00bboff\u00bb make_equal=\u00bboff\u00bb parallax_1=\u00bboff\u00bb parallax_method_1=\u00bboff\u00bb column_padding_mobile=\u00bbon\u00bb][et_pb_column type=\u00bb4_4&#8243;][et_pb_text admin_label=\u00bbTexto\u00bb background_layout=\u00bblight\u00bb text_orientation=\u00bbleft\u00bb use_border_color=\u00bboff\u00bb border_color=\u00bb#ffffff\u00bb border_style=\u00bbsolid\u00bb] Desde el mes de junio comienzan los vencimientos para la presentaci\u00f3n de la declaraci\u00f3n jurada IRPF para el ejercicio 2017. La presentaci\u00f3n de la declaraci\u00f3n jurada se realizar\u00e1 de acuerdo con el siguiente [&hellip;]<\/p>\n","protected":false},"author":1,"featured_media":205,"comment_status":"closed","ping_status":"open","sticky":false,"template":"","format":"standard","meta":{"footnotes":""},"categories":[2],"tags":[13,14,15],"_links":{"self":[{"href":"https:\/\/pymesuruguay.com\/index.php?rest_route=\/wp\/v2\/posts\/204"}],"collection":[{"href":"https:\/\/pymesuruguay.com\/index.php?rest_route=\/wp\/v2\/posts"}],"about":[{"href":"https:\/\/pymesuruguay.com\/index.php?rest_route=\/wp\/v2\/types\/post"}],"author":[{"embeddable":true,"href":"https:\/\/pymesuruguay.com\/index.php?rest_route=\/wp\/v2\/users\/1"}],"replies":[{"embeddable":true,"href":"https:\/\/pymesuruguay.com\/index.php?rest_route=%2Fwp%2Fv2%2Fcomments&post=204"}],"version-history":[{"count":5,"href":"https:\/\/pymesuruguay.com\/index.php?rest_route=\/wp\/v2\/posts\/204\/revisions"}],"predecessor-version":[{"id":212,"href":"https:\/\/pymesuruguay.com\/index.php?rest_route=\/wp\/v2\/posts\/204\/revisions\/212"}],"wp:featuredmedia":[{"embeddable":true,"href":"https:\/\/pymesuruguay.com\/index.php?rest_route=\/wp\/v2\/media\/205"}],"wp:attachment":[{"href":"https:\/\/pymesuruguay.com\/index.php?rest_route=%2Fwp%2Fv2%2Fmedia&parent=204"}],"wp:term":[{"taxonomy":"category","embeddable":true,"href":"https:\/\/pymesuruguay.com\/index.php?rest_route=%2Fwp%2Fv2%2Fcategories&post=204"},{"taxonomy":"post_tag","embeddable":true,"href":"https:\/\/pymesuruguay.com\/index.php?rest_route=%2Fwp%2Fv2%2Ftags&post=204"}],"curies":[{"name":"wp","href":"https:\/\/api.w.org\/{rel}","templated":true}]}}